{"id":138,"date":"2015-10-24T09:40:22","date_gmt":"2015-10-24T09:40:22","guid":{"rendered":"https:\/\/mibt.hu\/olvasosarok\/?p=138"},"modified":"2015-11-02T17:37:17","modified_gmt":"2015-11-02T17:37:17","slug":"kunvar-narajan","status":"publish","type":"post","link":"https:\/\/mibt.hu\/olvasosarok\/2015\/10\/24\/kunvar-narajan\/","title":{"rendered":"Kunv\u00e1r N\u00e1r\u00e1jan"},"content":{"rendered":"<h3>Egy furcsa nap<\/h3>\n<p><a href=\"https:\/\/mibt.hu\/olvasosarok\/wp-content\/uploads\/sites\/5\/2015\/10\/kep2.jpg\"><img loading=\"lazy\" decoding=\"async\" class=\"alignnone wp-image-139\" src=\"https:\/\/mibt.hu\/olvasosarok\/wp-content\/uploads\/sites\/5\/2015\/10\/kep2.jpg\" alt=\"kep2\" width=\"306\" height=\"152\" srcset=\"https:\/\/mibt.hu\/olvasosarok\/wp-content\/uploads\/sites\/5\/2015\/10\/kep2.jpg 500w, https:\/\/mibt.hu\/olvasosarok\/wp-content\/uploads\/sites\/5\/2015\/10\/kep2-300x149.jpg 300w\" sizes=\"auto, (max-width: 306px) 100vw, 306px\" \/><\/a><\/p>\n<p>Ma eg\u00e9sz nap odakint j\u00e1rtam,<\/p>\n<p>\u00e9s nem t\u00f6rt\u00e9nt semmi baj,<\/p>\n<p>ma eg\u00e9sz nap emberekkel tal\u00e1lkoztam,<\/p>\n<p>\u00e9s sehol nem al\u00e1ztak meg.<\/p>\n<p>Ma eg\u00e9sz nap igazat mondtam,<\/p>\n<p>\u00e9s senki nem vette rossz n\u00e9ven.<\/p>\n<p>Ma megb\u00edztam mindenkiben,<\/p>\n<p>\u00e9s sehol nem vertek \u00e1t.<\/p>\n<p>&nbsp;<\/p>\n<p>\u00c9s az volt a legnagyobb csoda,<\/p>\n<p>hogy hazat\u00e9rve nem valaki m\u00e1st,<\/p>\n<p>\u00f6nmagamat tal\u00e1ltam,<\/p>\n<p>s\u00e9rtetlen\u00fcl.<!--more--><\/p>\n<p>&nbsp;<\/p>\n<h3>Foly\u00f3 a cs\u00f3nakban<\/h3>\n<p>&nbsp;<\/p>\n<p>foly\u00f3<\/p>\n<p>s\u00f6t\u00e9t<\/p>\n<p>&nbsp;<\/p>\n<p>sz\u00e9les a v\u00edz<\/p>\n<p>m\u00e9ly a s\u00f6t\u00e9t<\/p>\n<p>&nbsp;<\/p>\n<p>al\u00e1mer\u00fclt a foly\u00f3 m\u00e9ly\u00e9be a s\u00f6t\u00e9tnek<\/p>\n<p>mindkett\u0151n egyszerre kell \u00e1tkelni.<\/p>\n<p>&nbsp;<\/p>\n<p>Ki tudja t\u00fal a s\u00f6t\u00e9ten ragyog\u00e1s van<\/p>\n<p>vagy egy m\u00e1sik s\u00f6t\u00e9ts\u00e9g?<\/p>\n<p>&nbsp;<\/p>\n<p>Van-e t\u00fals\u00f3 partja a foly\u00f3nak<\/p>\n<p>vagy csak v\u00edz \u00e9s v\u00edz minden\u00fctt?<\/p>\n<p>&nbsp;<\/p>\n<p>Most \u00e9n vagyok a kapocs \u2013<\/p>\n<p>cs\u00f3nak<\/p>\n<p>foly\u00f3<\/p>\n<p>s\u00f6t\u00e9ts\u00e9g<\/p>\n<p>&nbsp;<\/p>\n<p>s nem tudni<\/p>\n<p>ki mer\u00fclt al\u00e1 s miben<\/p>\n<p>kinek kell \u00e1tkelnie s minek a t\u00falpartj\u00e1ra?<\/p>\n<p>&nbsp;<\/p>\n<h3>Minden rendben<\/h3>\n<p>&nbsp;<\/p>\n<p>Tegnap ism\u00e9t gyilkoss\u00e1g t\u00f6rt\u00e9nt<\/p>\n<p>k\u00fcl\u00f6n\u00f6s k\u00f6r\u00fclm\u00e9nyek k\u00f6z\u00f6tt.<\/p>\n<p>&nbsp;<\/p>\n<p>Bementem a k\u00f3rh\u00e1zba,<\/p>\n<p>de az a hely nem k\u00f3rh\u00e1z volt.<\/p>\n<p>Bent tal\u00e1lkoztam az orvossal,<\/p>\n<p>de az az ember nem orvos volt.<\/p>\n<p>Mondott valamit a n\u0151v\u00e9rnek,<\/p>\n<p>de az a n\u0151 nem n\u0151v\u00e9r volt.<\/p>\n<p>Azt\u00e1n bementek a m\u0171t\u0151be,<\/p>\n<p>de az a hely nem m\u0171t\u0151 volt.<\/p>\n<p>Az altat\u00f3-orvos<\/p>\n<p>m\u00e1r kor\u00e1bban megjelent \u2013 de \u0151 is<\/p>\n<p>val\u00f3j\u00e1ban valaki m\u00e1s volt.<\/p>\n<p>Azt\u00e1n egy f\u00e9lholt gyereket hoztak,<\/p>\n<p>aki \u00e9hes volt, nem beteg.<\/p>\n<p>&nbsp;<\/p>\n<p>Az orvos az asztalr\u00f3l<\/p>\n<p>felemelte a szik\u00e9t,<\/p>\n<p>de az nem szike volt,<\/p>\n<p>\u2013 f\u00e9lelmetes, rozsd\u00e1s k\u00e9s.<\/p>\n<p>&nbsp;<\/p>\n<p>A k\u00e9st a gyerek gyomr\u00e1ba d\u00f6fve<\/p>\n<p>megsz\u00f3lalt:<\/p>\n<p>\u201eMost m\u00e1r biztosan rendbe j\u00f6n.\u201d<\/p>\n<p>&nbsp;<\/p>\n<p>&nbsp;<\/p>\n<h3>Szem\u00e9lyle\u00edr\u00e1s egy elt\u0171ntr\u0151l<\/h3>\n<p>&nbsp;<\/p>\n<p>B\u0151re barna, kin\u00e9zete vid\u00e9ki,<\/p>\n<p>homlok\u00e1n sebhely,<\/p>\n<p>magass\u00e1ga \u00f6t l\u00e1bn\u00e1l nem kevesebb,<\/p>\n<p>olyanokat mond, hogy nincs semmi b\u00e1nata.<\/p>\n<p>Dadog.<\/p>\n<p>Ha k\u00e9rdik, h\u00e1ny \u00e9ves,<\/p>\n<p>azt feleli, alig t\u00f6bb, mint n\u00e9h\u00e1ny ezred\u00e9v.<\/p>\n<p>Bolondnak l\u00e1tszik, de nem az.<\/p>\n<p>A magass\u00e1gokb\u00f3l j\u00f3 p\u00e1rszor lezuhant, \u00e9s \u00f6sszet\u00f6rte mag\u00e1t.<\/p>\n<p>&nbsp;<\/p>\n<p>\u00cdgy azt\u00e1n megl\u00e1tszik rajta, hogy ragasztgatva van,<\/p>\n<p>ak\u00e1rcsak Hinduszt\u00e1n t\u00e9rk\u00e9pe.<\/p>\n<p>&nbsp;<\/p>\n<h3>Ut\u00f3irat<\/h3>\n<p>&nbsp;<\/p>\n<p>Beny\u00fajtom a lemond\u00e1somat<\/p>\n<p>\u00fczletr\u0151l<\/p>\n<p>csal\u00e1dr\u00f3l<\/p>\n<p>korm\u00e1nyz\u00e1sr\u00f3l<\/p>\n<p>&nbsp;<\/p>\n<p>Nem fogadom el<\/p>\n<p>hogy kifizessenek<\/p>\n<p>akci\u00f3s \u00e1ron<\/p>\n<p>r\u00e9szletfizet\u00e9ssel<\/p>\n<p>&nbsp;<\/p>\n<p>Meg akarom tanulni<\/p>\n<p>hogy \u00fajra \u00e9ljek<\/p>\n<p>n\u00e9gyk\u00e9zl\u00e1b j\u00e1rjak<\/p>\n<p>mint a gyerekek<\/p>\n<p>l\u00e1bra \u00e1lljak<\/p>\n<p>s utolj\u00e1ra<\/p>\n<p>miel\u0151tt botladozva elesem<\/p>\n<p>szeretn\u00e9m ha siker\u00fclne<\/p>\n<p>m\u00e9g egyszer \u00fajra<\/p>\n<p>\u00e9lnem.<\/p>\n<p>&nbsp;<\/p>\n<p><em>N\u00e9gyesi M\u00e1ria ford\u00edt\u00e1sai<\/em><\/p>\n<p><span style=\"font-family: Times New Roman,serif;\"><span style=\"font-size: medium;\">Megjelent: <i>Kort\u00e1rs indiai irodalom<\/i>. Nagyvil\u00e1g. Vil\u00e1girodalmi foly\u00f3irat. 2010\/10. Budapest<\/span><\/span><\/p>\n","protected":false},"excerpt":{"rendered":"<p>Egy furcsa nap Ma eg\u00e9sz nap odakint j\u00e1rtam, \u00e9s nem t\u00f6rt\u00e9nt semmi baj, ma eg\u00e9sz nap emberekkel tal\u00e1lkoztam, \u00e9s sehol nem al\u00e1ztak meg. Ma eg\u00e9sz nap igazat mondtam, \u00e9s senki nem vette rossz n\u00e9ven. Ma megb\u00edztam mindenkiben, \u00e9s sehol nem vertek \u00e1t. &nbsp; \u00c9s az volt a legnagyobb csoda, hogy hazat\u00e9rve nem valaki m\u00e1st, \u00f6nmagamat [&hellip;]<\/p>\n","protected":false},"author":5,"featured_media":0,"comment_status":"open","ping_status":"open","sticky":false,"template":"","format":"standard","meta":{"_et_pb_use_builder":"","_et_pb_old_content":"","_et_gb_content_width":"","footnotes":""},"categories":[4,49],"tags":[],"class_list":["post-138","post","type-post","status-publish","format-standard","hentry","category-hindi","category-vers"],"_links":{"self":[{"href":"https:\/\/mibt.hu\/olvasosarok\/wp-json\/wp\/v2\/posts\/138","targetHints":{"allow":["GET"]}}],"collection":[{"href":"https:\/\/mibt.hu\/olvasosarok\/wp-json\/wp\/v2\/posts"}],"about":[{"href":"https:\/\/mibt.hu\/olvasosarok\/wp-json\/wp\/v2\/types\/post"}],"author":[{"embeddable":true,"href":"https:\/\/mibt.hu\/olvasosarok\/wp-json\/wp\/v2\/users\/5"}],"replies":[{"embeddable":true,"href":"https:\/\/mibt.hu\/olvasosarok\/wp-json\/wp\/v2\/comments?post=138"}],"version-history":[{"count":5,"href":"https:\/\/mibt.hu\/olvasosarok\/wp-json\/wp\/v2\/posts\/138\/revisions"}],"predecessor-version":[{"id":1417,"href":"https:\/\/mibt.hu\/olvasosarok\/wp-json\/wp\/v2\/posts\/138\/revisions\/1417"}],"wp:attachment":[{"href":"https:\/\/mibt.hu\/olvasosarok\/wp-json\/wp\/v2\/media?parent=138"}],"wp:term":[{"taxonomy":"category","embeddable":true,"href":"https:\/\/mibt.hu\/olvasosarok\/wp-json\/wp\/v2\/categories?post=138"},{"taxonomy":"post_tag","embeddable":true,"href":"https:\/\/mibt.hu\/olvasosarok\/wp-json\/wp\/v2\/tags?post=138"}],"curies":[{"name":"wp","href":"https:\/\/api.w.org\/{rel}","templated":true}]}}